{"id":967,"date":"2024-11-26T11:25:10","date_gmt":"2024-11-26T10:25:10","guid":{"rendered":"https:\/\/ksgoclaw.pl\/?p=967"},"modified":"2024-11-26T11:29:23","modified_gmt":"2024-11-26T10:29:23","slug":"ferie-zimowe-z-ks-goclaw-w-zakopanem","status":"publish","type":"post","link":"https:\/\/ksgoclaw.pl\/index.php\/2024\/11\/26\/ferie-zimowe-z-ks-goclaw-w-zakopanem\/","title":{"rendered":"Ferie zimowe z KS Goc\u0142aw w Zakopanem"},"content":{"rendered":"\n<p>Drodzy Rodzice,&nbsp;<\/p>\n\n\n\n<p>Na taki wyjazd nie mo\u017cna, a trzeba jecha\u0107! \ud83d\ude42 To b\u0119dzie fantastyczna, sportowa przygoda dla naszych zawodnik\u00f3w.&nbsp;<\/p>\n\n\n\n<p>Zapraszamy serdecznie na tygodniowy ob\u00f3z pi\u0142karski po\u0142\u0105czony z nauk\u0105 jazdy na nartach. Dodatkowych atrakcji b\u0119dzie mn\u00f3stwo, ale o tym poni\u017cej.<\/p>\n\n\n\n<p>Najwa\u017cniejsze informacje:<\/p>\n\n\n\n<p>Miejsce: Zakopane<\/p>\n\n\n\n<p>Kiedy: 2.02-09.02.2025 roku<\/p>\n\n\n\n<p>Transport: Minibus, maksymalnie 18 miejsc przeznaczonych dla naszych zawodnik\u00f3w<\/p>\n\n\n\n<p>Zakwaterowanie: Pensjonat z pokojami 2-4 osobowymi z \u0142azienkami<\/p>\n\n\n\n<p>Wy\u017cywienie: \u015aniadanie, obiad, kolacja<\/p>\n\n\n\n<p>Opieka: Kadra KS Goc\u0142aw &#8211; Trener Kuba, Trener Filip oraz jako kierownik Pani Justyna z biura.<\/p>\n\n\n\n<p>Ubezpieczenie: NNW<\/p>\n\n\n\n<p>Treningi: Pi\u0142karskie na hali sportowej oraz jazda na nartach z instruktorem (lub bez dla umiej\u0105cych je\u017adzi\u0107, ale zawsze pod okiem je\u017cd\u017c\u0105cej na nartach kadry)<\/p>\n\n\n\n<p>Atrakcje dodatkowe:&nbsp;odwiedziny na Wielkiej Krokwi, Muzeum Mistrza Kamila Stocha, Krup\u00f3wki, Termy, spacery po dolinach.<\/p>\n\n\n\n<p>Brzmi \u015bwietnie, prawda?&nbsp;<\/p>\n\n\n\n<p>Jest to rewelacyjna okazja, aby pozna\u0107 nowe miejsce, zawi\u0105za\u0107 pi\u0142karskie przyja\u017anie i prze\u017cy\u0107 niezapomniane emocje.&nbsp;<\/p>\n\n\n\n<p>Wszystkie szczeg\u00f3\u0142owe informacje i plan obozu znajduje si\u0119 w PDF.<\/p>\n\n\n\n<p>Jest tylko 18 miejsc &#8211; \u015bpieszmy si\u0119 z rezerwacj\u0105 ! \ud83d\ude42\u00a0<br><br>Cena ca\u0142kowita 1790 z\u0142.<br><br>Harmonogram wp\u0142at zaliczek:<br>790 z\u0142 &#8211; 1 zaliczka do 10.12.2024 roku<br>500 z\u0142 &#8211; 2 zaliczka do 10.01.2025 roku<br>500 z\u0142 &#8211; 3 zaliczka\u00a0do\u00a025.01.2025 roku<br>Wp\u0142acacie na to samo konto co sk\u0142adki, a w tytule wpisujecie: imi\u0119 i nazwisko dziecka, ob\u00f3z<\/p>\n\n\n\n<p>Zg\u0142oszenia na ob\u00f3z przez kontakt z Biurem pod numerem : 662 496 262<\/p>\n\n\n\n<div class=\"wp-block-file\"><a id=\"wp-block-file--media-3e7939c4-6a7d-40ae-b3fd-80ff1691684c\" href=\"https:\/\/ksgoclaw.pl\/wp-content\/uploads\/2024\/11\/KS-GOCLAW-OBOZ-ZIMOWY-W-ZAKOPANEM-2025-1.pdf\" target=\"_blank\" rel=\"noreferrer noopener\">KS GOC\u0141AW OB\u00d3Z ZIMOWY W ZAKOPANEM 2025<\/a><a href=\"https:\/\/ksgoclaw.pl\/wp-content\/uploads\/2024\/11\/KS-GOCLAW-OBOZ-ZIMOWY-W-ZAKOPANEM-2025-1.pdf\" class=\"wp-block-file__button wp-element-button\" download aria-describedby=\"wp-block-file--media-3e7939c4-6a7d-40ae-b3fd-80ff1691684c\">Pobierz<\/a><\/div>\n","protected":false},"excerpt":{"rendered":"<p>Drodzy Rodzice,&nbsp; Na taki wyjazd nie mo\u017cna, a trzeba jecha\u0107! \ud83d\ude42 To b\u0119dzie fantastyczna, sportowa przygoda dla naszych zawodnik\u00f3w.&nbsp; Zapraszamy serdecznie na tygodniowy ob\u00f3z pi\u0142karski po\u0142\u0105czony z nauk\u0105 jazdy na nartach. Dodatkowych atrakcji b\u0119dzie mn\u00f3stwo, ale o tym poni\u017cej. Najwa\u017cniejsze informacje: Miejsce: Zakopane Kiedy: 2.02-09.02.2025 roku Transport: Minibus, maksymalnie 18 miejsc przeznaczonych dla naszych zawodnik\u00f3w&hellip; <br \/> <a class=\"read-more\" href=\"https:\/\/ksgoclaw.pl\/index.php\/2024\/11\/26\/ferie-zimowe-z-ks-goclaw-w-zakopanem\/\">Dowiedz si\u0119 wi\u0119cej<\/a><\/p>\n","protected":false},"author":1,"featured_media":968,"comment_status":"open","ping_status":"open","sticky":false,"template":"","format":"standard","meta":{"footnotes":""},"categories":[3],"tags":[],"class_list":["post-967","post","type-post","status-publish","format-standard","has-post-thumbnail","hentry","category-aktualnosci"],"yoast_head":"<!-- This site is optimized with the Yoast SEO plugin v25.8 - https:\/\/yoast.com\/wordpress\/plugins\/seo\/ -->\n<title>Ferie zimowe z KS Goc\u0142aw w Zakopanem &#8226; Akademia Pi\u0142karska KS Goc\u0142aw Warszawa<\/title>\n<meta name=\"robots\" content=\"index, follow, max-snippet:-1, max-image-preview:large, max-video-preview:-1\" \/>\n<link rel=\"canonical\" href=\"https:\/\/ksgoclaw.pl\/index.php\/2024\/11\/26\/ferie-zimowe-z-ks-goclaw-w-zakopanem\/\" \/>\n<meta property=\"og:locale\" content=\"pl_PL\" \/>\n<meta property=\"og:type\" content=\"article\" \/>\n<meta property=\"og:title\" content=\"Ferie zimowe z KS Goc\u0142aw w Zakopanem &#8226; Akademia Pi\u0142karska KS Goc\u0142aw Warszawa\" \/>\n<meta property=\"og:description\" content=\"Drodzy Rodzice,&nbsp; Na taki wyjazd nie mo\u017cna, a trzeba jecha\u0107! \ud83d\ude42 To b\u0119dzie fantastyczna, sportowa przygoda dla naszych zawodnik\u00f3w.&nbsp; Zapraszamy serdecznie na tygodniowy ob\u00f3z pi\u0142karski po\u0142\u0105czony z nauk\u0105 jazdy na nartach. Dodatkowych atrakcji b\u0119dzie mn\u00f3stwo, ale o tym poni\u017cej. Najwa\u017cniejsze informacje: Miejsce: Zakopane Kiedy: 2.02-09.02.2025 roku Transport: Minibus, maksymalnie 18 miejsc przeznaczonych dla naszych zawodnik\u00f3w&hellip; Dowiedz si\u0119 wi\u0119cej\" \/>\n<meta property=\"og:url\" content=\"https:\/\/ksgoclaw.pl\/index.php\/2024\/11\/26\/ferie-zimowe-z-ks-goclaw-w-zakopanem\/\" \/>\n<meta property=\"og:site_name\" content=\"Akademia Pi\u0142karska KS Goc\u0142aw Warszawa\" \/>\n<meta property=\"article:publisher\" content=\"https:\/\/www.facebook.com\/ksgoclaw\" \/>\n<meta property=\"article:published_time\" content=\"2024-11-26T10:25:10+00:00\" \/>\n<meta property=\"article:modified_time\" content=\"2024-11-26T10:29:23+00:00\" \/>\n<meta property=\"og:image\" content=\"https:\/\/ksgoclaw.pl\/wp-content\/uploads\/2024\/11\/KS-Goclaw-zaprasza-na-zimowy-wyjazd-722x1024.png\" \/>\n\t<meta property=\"og:image:width\" content=\"722\" \/>\n\t<meta property=\"og:image:height\" content=\"1024\" \/>\n\t<meta property=\"og:image:type\" content=\"image\/png\" \/>\n<meta name=\"author\" content=\"admin\" \/>\n<meta name=\"twitter:card\" content=\"summary_large_image\" \/>\n<meta name=\"twitter:label1\" content=\"Napisane przez\" \/>\n\t<meta name=\"twitter:data1\" content=\"admin\" \/>\n\t<meta name=\"twitter:label2\" content=\"Szacowany czas czytania\" \/>\n\t<meta name=\"twitter:data2\" content=\"2 minuty\" \/>\n<script type=\"application\/ld+json\" class=\"yoast-schema-graph\">{\"@context\":\"https:\/\/schema.org\",\"@graph\":[{\"@type\":\"Article\",\"@id\":\"https:\/\/ksgoclaw.pl\/index.php\/2024\/11\/26\/ferie-zimowe-z-ks-goclaw-w-zakopanem\/#article\",\"isPartOf\":{\"@id\":\"https:\/\/ksgoclaw.pl\/index.php\/2024\/11\/26\/ferie-zimowe-z-ks-goclaw-w-zakopanem\/\"},\"author\":{\"name\":\"admin\",\"@id\":\"https:\/\/ksgoclaw.pl\/#\/schema\/person\/90ee6554b5a946e56f1f81d67fff230a\"},\"headline\":\"Ferie zimowe z KS Goc\u0142aw w Zakopanem\",\"datePublished\":\"2024-11-26T10:25:10+00:00\",\"dateModified\":\"2024-11-26T10:29:23+00:00\",\"mainEntityOfPage\":{\"@id\":\"https:\/\/ksgoclaw.pl\/index.php\/2024\/11\/26\/ferie-zimowe-z-ks-goclaw-w-zakopanem\/\"},\"wordCount\":256,\"commentCount\":0,\"publisher\":{\"@id\":\"https:\/\/ksgoclaw.pl\/#organization\"},\"image\":{\"@id\":\"https:\/\/ksgoclaw.pl\/index.php\/2024\/11\/26\/ferie-zimowe-z-ks-goclaw-w-zakopanem\/#primaryimage\"},\"thumbnailUrl\":\"https:\/\/ksgoclaw.pl\/wp-content\/uploads\/2024\/11\/KS-Goclaw-zaprasza-na-zimowy-wyjazd.png\",\"articleSection\":[\"Aktualno\u015bci\"],\"inLanguage\":\"pl-PL\"},{\"@type\":\"WebPage\",\"@id\":\"https:\/\/ksgoclaw.pl\/index.php\/2024\/11\/26\/ferie-zimowe-z-ks-goclaw-w-zakopanem\/\",\"url\":\"https:\/\/ksgoclaw.pl\/index.php\/2024\/11\/26\/ferie-zimowe-z-ks-goclaw-w-zakopanem\/\",\"name\":\"Ferie zimowe z KS Goc\u0142aw w Zakopanem &#8226; Akademia Pi\u0142karska KS Goc\u0142aw Warszawa\",\"isPartOf\":{\"@id\":\"https:\/\/ksgoclaw.pl\/#website\"},\"primaryImageOfPage\":{\"@id\":\"https:\/\/ksgoclaw.pl\/index.php\/2024\/11\/26\/ferie-zimowe-z-ks-goclaw-w-zakopanem\/#primaryimage\"},\"image\":{\"@id\":\"https:\/\/ksgoclaw.pl\/index.php\/2024\/11\/26\/ferie-zimowe-z-ks-goclaw-w-zakopanem\/#primaryimage\"},\"thumbnailUrl\":\"https:\/\/ksgoclaw.pl\/wp-content\/uploads\/2024\/11\/KS-Goclaw-zaprasza-na-zimowy-wyjazd.png\",\"datePublished\":\"2024-11-26T10:25:10+00:00\",\"dateModified\":\"2024-11-26T10:29:23+00:00\",\"breadcrumb\":{\"@id\":\"https:\/\/ksgoclaw.pl\/index.php\/2024\/11\/26\/ferie-zimowe-z-ks-goclaw-w-zakopanem\/#breadcrumb\"},\"inLanguage\":\"pl-PL\",\"potentialAction\":[{\"@type\":\"ReadAction\",\"target\":[\"https:\/\/ksgoclaw.pl\/index.php\/2024\/11\/26\/ferie-zimowe-z-ks-goclaw-w-zakopanem\/\"]}]},{\"@type\":\"ImageObject\",\"inLanguage\":\"pl-PL\",\"@id\":\"https:\/\/ksgoclaw.pl\/index.php\/2024\/11\/26\/ferie-zimowe-z-ks-goclaw-w-zakopanem\/#primaryimage\",\"url\":\"https:\/\/ksgoclaw.pl\/wp-content\/uploads\/2024\/11\/KS-Goclaw-zaprasza-na-zimowy-wyjazd.png\",\"contentUrl\":\"https:\/\/ksgoclaw.pl\/wp-content\/uploads\/2024\/11\/KS-Goclaw-zaprasza-na-zimowy-wyjazd.png\",\"width\":1410,\"height\":2000},{\"@type\":\"BreadcrumbList\",\"@id\":\"https:\/\/ksgoclaw.pl\/index.php\/2024\/11\/26\/ferie-zimowe-z-ks-goclaw-w-zakopanem\/#breadcrumb\",\"itemListElement\":[{\"@type\":\"ListItem\",\"position\":1,\"name\":\"Strona g\u0142\u00f3wna\",\"item\":\"https:\/\/ksgoclaw.pl\/\"},{\"@type\":\"ListItem\",\"position\":2,\"name\":\"Ferie zimowe z KS Goc\u0142aw w Zakopanem\"}]},{\"@type\":\"WebSite\",\"@id\":\"https:\/\/ksgoclaw.pl\/#website\",\"url\":\"https:\/\/ksgoclaw.pl\/\",\"name\":\"Akademia Pi\u0142karska KS Goc\u0142aw Warszawa\",\"description\":\"KS Goc\u0142aw gra, trenuje, ma\u0142ych mistrz\u00f3w wychowuje\",\"publisher\":{\"@id\":\"https:\/\/ksgoclaw.pl\/#organization\"},\"potentialAction\":[{\"@type\":\"SearchAction\",\"target\":{\"@type\":\"EntryPoint\",\"urlTemplate\":\"https:\/\/ksgoclaw.pl\/?s={search_term_string}\"},\"query-input\":{\"@type\":\"PropertyValueSpecification\",\"valueRequired\":true,\"valueName\":\"search_term_string\"}}],\"inLanguage\":\"pl-PL\"},{\"@type\":\"Organization\",\"@id\":\"https:\/\/ksgoclaw.pl\/#organization\",\"name\":\"Akademia Pi\u0142karska Klub Sportowy Goc\u0142aw Warszawa 2016\",\"url\":\"https:\/\/ksgoclaw.pl\/\",\"logo\":{\"@type\":\"ImageObject\",\"inLanguage\":\"pl-PL\",\"@id\":\"https:\/\/ksgoclaw.pl\/#\/schema\/logo\/image\/\",\"url\":\"https:\/\/ksgoclaw.pl\/wp-content\/uploads\/2023\/08\/herb-ks-goclaw-png-duzy.png\",\"contentUrl\":\"https:\/\/ksgoclaw.pl\/wp-content\/uploads\/2023\/08\/herb-ks-goclaw-png-duzy.png\",\"width\":2843,\"height\":3653,\"caption\":\"Akademia Pi\u0142karska Klub Sportowy Goc\u0142aw Warszawa 2016\"},\"image\":{\"@id\":\"https:\/\/ksgoclaw.pl\/#\/schema\/logo\/image\/\"},\"sameAs\":[\"https:\/\/www.facebook.com\/ksgoclaw\"]},{\"@type\":\"Person\",\"@id\":\"https:\/\/ksgoclaw.pl\/#\/schema\/person\/90ee6554b5a946e56f1f81d67fff230a\",\"name\":\"admin\",\"image\":{\"@type\":\"ImageObject\",\"inLanguage\":\"pl-PL\",\"@id\":\"https:\/\/ksgoclaw.pl\/#\/schema\/person\/image\/\",\"url\":\"https:\/\/secure.gravatar.com\/avatar\/eb7f24f3e9829cf7b5440866809114840ce81be8571a6363b085503dc50b1bf3?s=96&d=mm&r=g\",\"contentUrl\":\"https:\/\/secure.gravatar.com\/avatar\/eb7f24f3e9829cf7b5440866809114840ce81be8571a6363b085503dc50b1bf3?s=96&d=mm&r=g\",\"caption\":\"admin\"},\"sameAs\":[\"http:\/\/ksgoclaw.pl\"],\"url\":\"https:\/\/ksgoclaw.pl\/index.php\/author\/admin\/\"}]}<\/script>\n<!-- \/ Yoast SEO plugin. -->","yoast_head_json":{"title":"Ferie zimowe z KS Goc\u0142aw w Zakopanem &#8226; Akademia Pi\u0142karska KS Goc\u0142aw Warszawa","robots":{"index":"index","follow":"follow","max-snippet":"max-snippet:-1","max-image-preview":"max-image-preview:large","max-video-preview":"max-video-preview:-1"},"canonical":"https:\/\/ksgoclaw.pl\/index.php\/2024\/11\/26\/ferie-zimowe-z-ks-goclaw-w-zakopanem\/","og_locale":"pl_PL","og_type":"article","og_title":"Ferie zimowe z KS Goc\u0142aw w Zakopanem &#8226; Akademia Pi\u0142karska KS Goc\u0142aw Warszawa","og_description":"Drodzy Rodzice,&nbsp; Na taki wyjazd nie mo\u017cna, a trzeba jecha\u0107! \ud83d\ude42 To b\u0119dzie fantastyczna, sportowa przygoda dla naszych zawodnik\u00f3w.&nbsp; Zapraszamy serdecznie na tygodniowy ob\u00f3z pi\u0142karski po\u0142\u0105czony z nauk\u0105 jazdy na nartach. Dodatkowych atrakcji b\u0119dzie mn\u00f3stwo, ale o tym poni\u017cej. Najwa\u017cniejsze informacje: Miejsce: Zakopane Kiedy: 2.02-09.02.2025 roku Transport: Minibus, maksymalnie 18 miejsc przeznaczonych dla naszych zawodnik\u00f3w&hellip; Dowiedz si\u0119 wi\u0119cej","og_url":"https:\/\/ksgoclaw.pl\/index.php\/2024\/11\/26\/ferie-zimowe-z-ks-goclaw-w-zakopanem\/","og_site_name":"Akademia Pi\u0142karska KS Goc\u0142aw Warszawa","article_publisher":"https:\/\/www.facebook.com\/ksgoclaw","article_published_time":"2024-11-26T10:25:10+00:00","article_modified_time":"2024-11-26T10:29:23+00:00","og_image":[{"width":722,"height":1024,"url":"https:\/\/ksgoclaw.pl\/wp-content\/uploads\/2024\/11\/KS-Goclaw-zaprasza-na-zimowy-wyjazd-722x1024.png","type":"image\/png"}],"author":"admin","twitter_card":"summary_large_image","twitter_misc":{"Napisane przez":"admin","Szacowany czas czytania":"2 minuty"},"schema":{"@context":"https:\/\/schema.org","@graph":[{"@type":"Article","@id":"https:\/\/ksgoclaw.pl\/index.php\/2024\/11\/26\/ferie-zimowe-z-ks-goclaw-w-zakopanem\/#article","isPartOf":{"@id":"https:\/\/ksgoclaw.pl\/index.php\/2024\/11\/26\/ferie-zimowe-z-ks-goclaw-w-zakopanem\/"},"author":{"name":"admin","@id":"https:\/\/ksgoclaw.pl\/#\/schema\/person\/90ee6554b5a946e56f1f81d67fff230a"},"headline":"Ferie zimowe z KS Goc\u0142aw w Zakopanem","datePublished":"2024-11-26T10:25:10+00:00","dateModified":"2024-11-26T10:29:23+00:00","mainEntityOfPage":{"@id":"https:\/\/ksgoclaw.pl\/index.php\/2024\/11\/26\/ferie-zimowe-z-ks-goclaw-w-zakopanem\/"},"wordCount":256,"commentCount":0,"publisher":{"@id":"https:\/\/ksgoclaw.pl\/#organization"},"image":{"@id":"https:\/\/ksgoclaw.pl\/index.php\/2024\/11\/26\/ferie-zimowe-z-ks-goclaw-w-zakopanem\/#primaryimage"},"thumbnailUrl":"https:\/\/ksgoclaw.pl\/wp-content\/uploads\/2024\/11\/KS-Goclaw-zaprasza-na-zimowy-wyjazd.png","articleSection":["Aktualno\u015bci"],"inLanguage":"pl-PL"},{"@type":"WebPage","@id":"https:\/\/ksgoclaw.pl\/index.php\/2024\/11\/26\/ferie-zimowe-z-ks-goclaw-w-zakopanem\/","url":"https:\/\/ksgoclaw.pl\/index.php\/2024\/11\/26\/ferie-zimowe-z-ks-goclaw-w-zakopanem\/","name":"Ferie zimowe z KS Goc\u0142aw w Zakopanem &#8226; Akademia Pi\u0142karska KS Goc\u0142aw Warszawa","isPartOf":{"@id":"https:\/\/ksgoclaw.pl\/#website"},"primaryImageOfPage":{"@id":"https:\/\/ksgoclaw.pl\/index.php\/2024\/11\/26\/ferie-zimowe-z-ks-goclaw-w-zakopanem\/#primaryimage"},"image":{"@id":"https:\/\/ksgoclaw.pl\/index.php\/2024\/11\/26\/ferie-zimowe-z-ks-goclaw-w-zakopanem\/#primaryimage"},"thumbnailUrl":"https:\/\/ksgoclaw.pl\/wp-content\/uploads\/2024\/11\/KS-Goclaw-zaprasza-na-zimowy-wyjazd.png","datePublished":"2024-11-26T10:25:10+00:00","dateModified":"2024-11-26T10:29:23+00:00","breadcrumb":{"@id":"https:\/\/ksgoclaw.pl\/index.php\/2024\/11\/26\/ferie-zimowe-z-ks-goclaw-w-zakopanem\/#breadcrumb"},"inLanguage":"pl-PL","potentialAction":[{"@type":"ReadAction","target":["https:\/\/ksgoclaw.pl\/index.php\/2024\/11\/26\/ferie-zimowe-z-ks-goclaw-w-zakopanem\/"]}]},{"@type":"ImageObject","inLanguage":"pl-PL","@id":"https:\/\/ksgoclaw.pl\/index.php\/2024\/11\/26\/ferie-zimowe-z-ks-goclaw-w-zakopanem\/#primaryimage","url":"https:\/\/ksgoclaw.pl\/wp-content\/uploads\/2024\/11\/KS-Goclaw-zaprasza-na-zimowy-wyjazd.png","contentUrl":"https:\/\/ksgoclaw.pl\/wp-content\/uploads\/2024\/11\/KS-Goclaw-zaprasza-na-zimowy-wyjazd.png","width":1410,"height":2000},{"@type":"BreadcrumbList","@id":"https:\/\/ksgoclaw.pl\/index.php\/2024\/11\/26\/ferie-zimowe-z-ks-goclaw-w-zakopanem\/#breadcrumb","itemListElement":[{"@type":"ListItem","position":1,"name":"Strona g\u0142\u00f3wna","item":"https:\/\/ksgoclaw.pl\/"},{"@type":"ListItem","position":2,"name":"Ferie zimowe z KS Goc\u0142aw w Zakopanem"}]},{"@type":"WebSite","@id":"https:\/\/ksgoclaw.pl\/#website","url":"https:\/\/ksgoclaw.pl\/","name":"Akademia Pi\u0142karska KS Goc\u0142aw Warszawa","description":"KS Goc\u0142aw gra, trenuje, ma\u0142ych mistrz\u00f3w wychowuje","publisher":{"@id":"https:\/\/ksgoclaw.pl\/#organization"},"potentialAction":[{"@type":"SearchAction","target":{"@type":"EntryPoint","urlTemplate":"https:\/\/ksgoclaw.pl\/?s={search_term_string}"},"query-input":{"@type":"PropertyValueSpecification","valueRequired":true,"valueName":"search_term_string"}}],"inLanguage":"pl-PL"},{"@type":"Organization","@id":"https:\/\/ksgoclaw.pl\/#organization","name":"Akademia Pi\u0142karska Klub Sportowy Goc\u0142aw Warszawa 2016","url":"https:\/\/ksgoclaw.pl\/","logo":{"@type":"ImageObject","inLanguage":"pl-PL","@id":"https:\/\/ksgoclaw.pl\/#\/schema\/logo\/image\/","url":"https:\/\/ksgoclaw.pl\/wp-content\/uploads\/2023\/08\/herb-ks-goclaw-png-duzy.png","contentUrl":"https:\/\/ksgoclaw.pl\/wp-content\/uploads\/2023\/08\/herb-ks-goclaw-png-duzy.png","width":2843,"height":3653,"caption":"Akademia Pi\u0142karska Klub Sportowy Goc\u0142aw Warszawa 2016"},"image":{"@id":"https:\/\/ksgoclaw.pl\/#\/schema\/logo\/image\/"},"sameAs":["https:\/\/www.facebook.com\/ksgoclaw"]},{"@type":"Person","@id":"https:\/\/ksgoclaw.pl\/#\/schema\/person\/90ee6554b5a946e56f1f81d67fff230a","name":"admin","image":{"@type":"ImageObject","inLanguage":"pl-PL","@id":"https:\/\/ksgoclaw.pl\/#\/schema\/person\/image\/","url":"https:\/\/secure.gravatar.com\/avatar\/eb7f24f3e9829cf7b5440866809114840ce81be8571a6363b085503dc50b1bf3?s=96&d=mm&r=g","contentUrl":"https:\/\/secure.gravatar.com\/avatar\/eb7f24f3e9829cf7b5440866809114840ce81be8571a6363b085503dc50b1bf3?s=96&d=mm&r=g","caption":"admin"},"sameAs":["http:\/\/ksgoclaw.pl"],"url":"https:\/\/ksgoclaw.pl\/index.php\/author\/admin\/"}]}},"_links":{"self":[{"href":"https:\/\/ksgoclaw.pl\/index.php\/wp-json\/wp\/v2\/posts\/967","targetHints":{"allow":["GET"]}}],"collection":[{"href":"https:\/\/ksgoclaw.pl\/index.php\/wp-json\/wp\/v2\/posts"}],"about":[{"href":"https:\/\/ksgoclaw.pl\/index.php\/wp-json\/wp\/v2\/types\/post"}],"author":[{"embeddable":true,"href":"https:\/\/ksgoclaw.pl\/index.php\/wp-json\/wp\/v2\/users\/1"}],"replies":[{"embeddable":true,"href":"https:\/\/ksgoclaw.pl\/index.php\/wp-json\/wp\/v2\/comments?post=967"}],"version-history":[{"count":4,"href":"https:\/\/ksgoclaw.pl\/index.php\/wp-json\/wp\/v2\/posts\/967\/revisions"}],"predecessor-version":[{"id":975,"href":"https:\/\/ksgoclaw.pl\/index.php\/wp-json\/wp\/v2\/posts\/967\/revisions\/975"}],"wp:featuredmedia":[{"embeddable":true,"href":"https:\/\/ksgoclaw.pl\/index.php\/wp-json\/wp\/v2\/media\/968"}],"wp:attachment":[{"href":"https:\/\/ksgoclaw.pl\/index.php\/wp-json\/wp\/v2\/media?parent=967"}],"wp:term":[{"taxonomy":"category","embeddable":true,"href":"https:\/\/ksgoclaw.pl\/index.php\/wp-json\/wp\/v2\/categories?post=967"},{"taxonomy":"post_tag","embeddable":true,"href":"https:\/\/ksgoclaw.pl\/index.php\/wp-json\/wp\/v2\/tags?post=967"}],"curies":[{"name":"wp","href":"https:\/\/api.w.org\/{rel}","templated":true}]}}